{"id":29701,"date":"2023-04-26T08:31:38","date_gmt":"2023-04-26T06:31:38","guid":{"rendered":"https:\/\/serhsserveis.com\/grave-ciberataque-en-el-hospital-clinic-de-barcelona\/"},"modified":"2023-04-26T12:53:35","modified_gmt":"2023-04-26T10:53:35","slug":"serhs-cloud-organiza-un-desayuno-tecnologico-en-girona","status":"publish","type":"post","link":"https:\/\/serhsserveis.com\/es\/serhs-cloud-organiza-un-desayuno-tecnologico-en-girona\/","title":{"rendered":"SERHS Cloud organiza un desayuno tecnol\u00f3gico en Girona"},"content":{"rendered":"<h3><a href=\"https:\/\/serhscloud.com\" target=\"_blank\" rel=\"noopener\"><strong>SERHS Cloud<\/strong><\/a> organiza un <strong>desayuno tecnol\u00f3gico<\/strong> con empresas de las comarcas gerundenses, para conocer las \u00faltimas novedades en torno a la <strong>digitalizaci\u00f3n<\/strong> y la <strong>ciberseguridad<\/strong>.<\/h3>\n<p>La jornada, con el nombre\u00a0<a href=\"https:\/\/forms.gle\/UJhHzrT2L18TBVYBA\" target=\"_blank\" rel=\"noopener\"><strong>\u00abDigitalizaci\u00f3n y seguridad en la empresa\u00bb<\/strong><\/a>, quiere ser un punto de encuentro entre distintos actores del mundo digital como son empresas especialistas en la <strong>transformaci\u00f3n digital<\/strong> y la <strong>seguridad<\/strong>, y algunas empresas l\u00edderes en la implantaci\u00f3n de diversas soluciones tecnol\u00f3gicas.<\/p>\n<p>El desayuno tecnol\u00f3gico tendr\u00e1 lugar el pr\u00f3ximo jueves <strong>11 de mayo<\/strong> en el <strong>Hotel Palau de Bellavista<\/strong> de Girona del grupo <strong>URH<\/strong> Hotels, a partir de las 9:15.<\/p>\n<p><img loading=\"lazy\" decoding=\"async\" class=\"wp-image-10117 aligncenter\" src=\"https:\/\/serhscloud.com\/wp-content\/uploads\/2023\/04\/logo.png\" alt=\"hotel palau de bellavista girona\" width=\"188\" height=\"89\" \/><\/p>\n<p>Despu\u00e9s de la presentaci\u00f3n y bienvenida al evento <a href=\"https:\/\/forms.gle\/UJhHzrT2L18TBVYBA\" target=\"_blank\" rel=\"noopener\"><strong>\u00abDigitalizaci\u00f3n y seguridad en la empresa\u00bb<\/strong><\/a>, a cargo del Director General de <strong>SERHS Serveis<\/strong>, Oriol Verdura, y del Director de <a href=\"https:\/\/serhscloud.com\" target=\"_blank\" rel=\"noopener\"><strong>SERHS Cloud<\/strong><\/a>, Albert Orriols, se dar\u00e1 paso al bloque dedicado a presentar diversas soluciones para la empresa digitalizada:<\/p>\n<p>\u00b7 <strong>TICKELIA<\/strong> con la presentaci\u00f3n <em>\u00ab\u00bfPor qu\u00e9 digitalizar la gesti\u00f3n de gastos de empresa?\u00bb<\/em><br \/>\n\u00b7 <strong>FORTINET<\/strong>, que tratar\u00e1 sobre la <em>\u00abSeguridad de IT\/IOT en la empresa\u00bb<\/em><br \/>\n\u00b7 <strong>GOOGLE<\/strong>, que apostar\u00e1 por mostrarnos <em>\u00ab\u00bfQu\u00e9 ventajas aporta el Cloud, desde Google para la digitalizaci\u00f3n y seguridad?\u00bb<\/em><\/p>\n<h3><img loading=\"lazy\" decoding=\"async\" class=\"alignnone wp-image-8249\" src=\"https:\/\/serhscloud.com\/wp-content\/uploads\/2022\/04\/Tickelia-Partner-de-SERHS-Cloud.jpg\" alt=\"\" width=\"120\" height=\"60\" \/><img loading=\"lazy\" decoding=\"async\" class=\"alignnone wp-image-8242\" src=\"https:\/\/serhscloud.com\/wp-content\/uploads\/2022\/04\/Fortinet-Partner-de-SERHS-Cloud.jpg\" alt=\"\" width=\"120\" height=\"60\" \/><img loading=\"lazy\" decoding=\"async\" class=\"alignnone wp-image-8243\" src=\"https:\/\/serhscloud.com\/wp-content\/uploads\/2022\/04\/Google-Partner-de-SERHS-Cloud.jpg\" alt=\"\" width=\"120\" height=\"60\" \/><\/h3>\n<p>A continuaci\u00f3n, se abrir\u00e1 una mesa redonda para debatir sobre el estado actual de la digitalizaci\u00f3n y la seguridad en las empresas, que contar\u00e1 con compa\u00f1\u00edas l\u00edderes en su sector de la provincia de Girona:<\/p>\n<p>\u00b7 David Ciurana, CIO de <strong>COMEXI<\/strong><br \/>\n\u00b7 Albert Clemente, CIO d&#8217;<strong>ESPA 2025<\/strong><br \/>\n\u00b7 Albert Cortada, IT Project Manager &#8211; Business Process <strong>TRANSGOURMET IB\u00c9RICA<\/strong><\/p>\n<p>Terminaremos la jornada con un desayuno en la espectacular terraza del <strong>Hotel Palau de Bellavista<\/strong>, que como su nombre indica, nos har\u00e1 disfrutar de un agradable e informal <em>networking<\/em> con una de las mejores vistas de la ciudad de Girona. Como aliciente a\u00f1adido, sortearemos un peque\u00f1o obsequio tecnol\u00f3gico entre los asistentes al evento.<\/p>\n<p><img loading=\"lazy\" decoding=\"async\" class=\"size-full wp-image-10119 aligncenter\" src=\"https:\/\/serhscloud.com\/wp-content\/uploads\/2023\/04\/hotel-esmorzar2.jpg\" alt=\"ciberseguretat girona\" width=\"382\" height=\"150\" \/><\/p>\n<h3>Una valiosa red de partners<\/h3>\n<p>Desde <a href=\"https:\/\/serhscloud.com\" target=\"_blank\" rel=\"noopener\"><strong>SERHS Cloud<\/strong><\/a> estamos muy orgullosos de organizar este evento. Trabajamos de la mano de <a href=\"https:\/\/serhscloud.com\/es\/partners\/\" target=\"_blank\" rel=\"noopener\"><strong>grandes marcas<\/strong><\/a> que nos aporta toda la tranquilidad y seguridad durante el proceso de digitalizaci\u00f3n de tu negocio, sin los cuales no ser\u00eda posible contar con la confianza de nuestros clientes. Gracias a todos ellos nos convertimos en <strong>especialistas referentes en materia de transformaci\u00f3n digital<\/strong>,\u00a0<a href=\"https:\/\/serhscloud.com\/es\/backup-en-la-nube\/\" target=\"_blank\" rel=\"noopener\"><em>cloud computing<\/em><\/a>, <a href=\"https:\/\/serhscloud.com\/es\/google-workspace-para-empresas\/\" target=\"_blank\" rel=\"noopener\">puesto de trabajo y oficina virtual (Google WorkSpace)<\/a>, <a href=\"https:\/\/serhscloud.com\/es\/robotizacion-de-procesos-rpa\/\" target=\"_blank\" rel=\"noopener\">robotizaci\u00f3n de procesos (RPA)<\/a> y por supuesto <a href=\"https:\/\/serhscloud.com\/es\/ciberseguridad-para-empresas\/\" target=\"_blank\" rel=\"noopener\">ciberseguridad<\/a>.<\/p>\n<p>Porque queremos que t\u00fa te dediques a lo que realmente te importa, el crecimiento de tu negocio.<\/p>\n<h3>\u00bfQuieres asistir al desayuno tecnol\u00f3gico de SERHS Cloud?<\/h3>\n<p>Si bien las <strong>inscripciones son gratuitas<\/strong>, al contar con aforo limitado, se aceptar\u00e1 exclusivamente <strong><a href=\"https:\/\/forms.gle\/UJhHzrT2L18TBVYBA\" target=\"_blank\" rel=\"noopener\">asistencia con registro previo<\/a><\/strong>.<\/p>\n <a href=\"https:\/\/forms.gle\/UJhHzrT2L18TBVYBA\" class=\"btn btn-lg btn-element btn-element-0 btn btn-fullcolor zn_dummy_value btn-icon--before btn--rounded \" target=\"_blank\">\u00a1Quiero apuntarme!<\/a>\n","protected":false},"excerpt":{"rendered":"<p>SERHS Cloud organiza un desayuno tecnol\u00f3gico con empresas de las comarcas gerundenses, para conocer las \u00faltimas novedades en torno a la digitalizaci\u00f3n y la ciberseguridad. La jornada, con el nombre\u00a0\u00abDigitalizaci\u00f3n y seguridad en la empresa\u00bb, quiere ser un punto de encuentro entre distintos actores del mundo digital como son empresas especialistas en la transformaci\u00f3n digital<\/p>\n","protected":false},"author":10,"featured_media":29708,"comment_status":"closed","ping_status":"closed","sticky":false,"template":"","format":"standard","meta":{"footnotes":""},"categories":[107,48,45,108],"tags":[],"class_list":["post-29701","post","type-post","status-publish","format-standard","has-post-thumbnail","hentry","category-puesto-de-trabajo-digital","category-serhs-serveis-es","category-noticias-serhs-serveis-tic","category-sistemas-y-telecomunicaciones"],"yoast_head":"<!-- This site is optimized with the Yoast SEO plugin v27.4 - https:\/\/yoast.com\/product\/yoast-seo-wordpress\/ -->\n<title>SERHS Cloud organiza un desayuno tecnol\u00f3gico en Girona<\/title>\n<meta name=\"description\" content=\"SERHS Cloud organiza un desayuno tecnol\u00f3gico con empresas de las comarcas de Girona, en torno a la digitalizaci\u00f3n y la ciberseguridad\" \/>\n<meta name=\"robots\" content=\"index, follow, max-snippet:-1, max-image-preview:large, max-video-preview:-1\" \/>\n<link rel=\"canonical\" href=\"https:\/\/serhscloud.com\/es\/serhs-cloud-organiza-un-desayuno-tecnologico-en-girona\/\" \/>\n<meta property=\"og:locale\" content=\"es_ES\" \/>\n<meta property=\"og:type\" content=\"article\" \/>\n<meta property=\"og:title\" content=\"SERHS Cloud organiza un desayuno tecnol\u00f3gico en Girona\" \/>\n<meta property=\"og:description\" content=\"SERHS Cloud organiza un desayuno tecnol\u00f3gico con empresas de las comarcas de Girona, en torno a la digitalizaci\u00f3n y la ciberseguridad\" \/>\n<meta property=\"og:url\" content=\"https:\/\/serhscloud.com\/es\/serhs-cloud-organiza-un-desayuno-tecnologico-en-girona\/\" \/>\n<meta property=\"og:site_name\" content=\"SERHS Serveis\" \/>\n<meta property=\"article:publisher\" content=\"https:\/\/www.facebook.com\/SERHS-Serveis-914835645340740\/\" \/>\n<meta property=\"article:published_time\" content=\"2023-04-26T06:31:38+00:00\" \/>\n<meta property=\"article:modified_time\" content=\"2023-04-26T10:53:35+00:00\" \/>\n<meta property=\"og:image\" content=\"https:\/\/serhsserveis.com\/wp-content\/uploads\/2023\/04\/esmorzar-tecnologic-esp.jpg\" \/>\n\t<meta property=\"og:image:width\" content=\"1080\" \/>\n\t<meta property=\"og:image:height\" content=\"721\" \/>\n\t<meta property=\"og:image:type\" content=\"image\/jpeg\" \/>\n<meta name=\"author\" content=\"rf\" \/>\n<meta name=\"twitter:label1\" content=\"Escrito por\" \/>\n\t<meta name=\"twitter:data1\" content=\"rf\" \/>\n\t<meta name=\"twitter:label2\" content=\"Tiempo de lectura\" \/>\n\t<meta name=\"twitter:data2\" content=\"4 minutos\" \/>\n<script type=\"application\/ld+json\" class=\"yoast-schema-graph\">{\"@context\":\"https:\\\/\\\/schema.org\",\"@graph\":[{\"@type\":\"Article\",\"@id\":\"https:\\\/\\\/serhscloud.com\\\/es\\\/serhs-cloud-organiza-un-desayuno-tecnologico-en-girona\\\/#article\",\"isPartOf\":{\"@id\":\"https:\\\/\\\/serhsserveis.com\\\/es\\\/serhs-cloud-organiza-un-desayuno-tecnologico-en-girona\\\/\"},\"author\":{\"name\":\"rf\",\"@id\":\"https:\\\/\\\/serhsserveis.com\\\/#\\\/schema\\\/person\\\/ed29406fe23d106405df24b321e0be26\"},\"headline\":\"SERHS Cloud organiza un desayuno tecnol\u00f3gico en Girona\",\"datePublished\":\"2023-04-26T06:31:38+00:00\",\"dateModified\":\"2023-04-26T10:53:35+00:00\",\"mainEntityOfPage\":{\"@id\":\"https:\\\/\\\/serhsserveis.com\\\/es\\\/serhs-cloud-organiza-un-desayuno-tecnologico-en-girona\\\/\"},\"wordCount\":480,\"publisher\":{\"@id\":\"https:\\\/\\\/serhsserveis.com\\\/#organization\"},\"image\":{\"@id\":\"https:\\\/\\\/serhscloud.com\\\/es\\\/serhs-cloud-organiza-un-desayuno-tecnologico-en-girona\\\/#primaryimage\"},\"thumbnailUrl\":\"https:\\\/\\\/serhsserveis.com\\\/wp-content\\\/uploads\\\/2023\\\/04\\\/esmorzar-tecnologic-esp.jpg\",\"articleSection\":[\"Puesto de trabajo digital\",\"SERHS Serveis\",\"SERHS Serveis TIC\",\"Sistemas y Telecomunicaciones\"],\"inLanguage\":\"es\"},{\"@type\":\"WebPage\",\"@id\":\"https:\\\/\\\/serhsserveis.com\\\/es\\\/serhs-cloud-organiza-un-desayuno-tecnologico-en-girona\\\/\",\"url\":\"https:\\\/\\\/serhscloud.com\\\/es\\\/serhs-cloud-organiza-un-desayuno-tecnologico-en-girona\\\/\",\"name\":\"SERHS Cloud organiza un desayuno tecnol\u00f3gico en Girona\",\"isPartOf\":{\"@id\":\"https:\\\/\\\/serhsserveis.com\\\/#website\"},\"primaryImageOfPage\":{\"@id\":\"https:\\\/\\\/serhscloud.com\\\/es\\\/serhs-cloud-organiza-un-desayuno-tecnologico-en-girona\\\/#primaryimage\"},\"image\":{\"@id\":\"https:\\\/\\\/serhscloud.com\\\/es\\\/serhs-cloud-organiza-un-desayuno-tecnologico-en-girona\\\/#primaryimage\"},\"thumbnailUrl\":\"https:\\\/\\\/serhsserveis.com\\\/wp-content\\\/uploads\\\/2023\\\/04\\\/esmorzar-tecnologic-esp.jpg\",\"datePublished\":\"2023-04-26T06:31:38+00:00\",\"dateModified\":\"2023-04-26T10:53:35+00:00\",\"description\":\"SERHS Cloud organiza un desayuno tecnol\u00f3gico con empresas de las comarcas de Girona, en torno a la digitalizaci\u00f3n y la ciberseguridad\",\"breadcrumb\":{\"@id\":\"https:\\\/\\\/serhscloud.com\\\/es\\\/serhs-cloud-organiza-un-desayuno-tecnologico-en-girona\\\/#breadcrumb\"},\"inLanguage\":\"es\",\"potentialAction\":[{\"@type\":\"ReadAction\",\"target\":[\"https:\\\/\\\/serhscloud.com\\\/es\\\/serhs-cloud-organiza-un-desayuno-tecnologico-en-girona\\\/\"]}]},{\"@type\":\"ImageObject\",\"inLanguage\":\"es\",\"@id\":\"https:\\\/\\\/serhscloud.com\\\/es\\\/serhs-cloud-organiza-un-desayuno-tecnologico-en-girona\\\/#primaryimage\",\"url\":\"https:\\\/\\\/serhsserveis.com\\\/wp-content\\\/uploads\\\/2023\\\/04\\\/esmorzar-tecnologic-esp.jpg\",\"contentUrl\":\"https:\\\/\\\/serhsserveis.com\\\/wp-content\\\/uploads\\\/2023\\\/04\\\/esmorzar-tecnologic-esp.jpg\",\"width\":1080,\"height\":721},{\"@type\":\"BreadcrumbList\",\"@id\":\"https:\\\/\\\/serhscloud.com\\\/es\\\/serhs-cloud-organiza-un-desayuno-tecnologico-en-girona\\\/#breadcrumb\",\"itemListElement\":[{\"@type\":\"ListItem\",\"position\":1,\"name\":\"Home\",\"item\":\"https:\\\/\\\/serhsserveis.com\\\/es\\\/\"},{\"@type\":\"ListItem\",\"position\":2,\"name\":\"SERHS Cloud organiza un desayuno tecnol\u00f3gico en Girona\"}]},{\"@type\":\"WebSite\",\"@id\":\"https:\\\/\\\/serhsserveis.com\\\/#website\",\"url\":\"https:\\\/\\\/serhsserveis.com\\\/\",\"name\":\"SERHS Serveis\",\"description\":\"T&#039;ho posa f\u00e0cil\",\"publisher\":{\"@id\":\"https:\\\/\\\/serhsserveis.com\\\/#organization\"},\"potentialAction\":[{\"@type\":\"SearchAction\",\"target\":{\"@type\":\"EntryPoint\",\"urlTemplate\":\"https:\\\/\\\/serhsserveis.com\\\/?s={search_term_string}\"},\"query-input\":{\"@type\":\"PropertyValueSpecification\",\"valueRequired\":true,\"valueName\":\"search_term_string\"}}],\"inLanguage\":\"es\"},{\"@type\":\"Organization\",\"@id\":\"https:\\\/\\\/serhsserveis.com\\\/#organization\",\"name\":\"SERHS Serveis\",\"url\":\"https:\\\/\\\/serhsserveis.com\\\/\",\"logo\":{\"@type\":\"ImageObject\",\"inLanguage\":\"es\",\"@id\":\"https:\\\/\\\/serhsserveis.com\\\/#\\\/schema\\\/logo\\\/image\\\/\",\"url\":\"https:\\\/\\\/serhsserveis.com\\\/wp-content\\\/uploads\\\/2017\\\/09\\\/Logo-SERHS-Serveis-Serveis-integrals.png\",\"contentUrl\":\"https:\\\/\\\/serhsserveis.com\\\/wp-content\\\/uploads\\\/2017\\\/09\\\/Logo-SERHS-Serveis-Serveis-integrals.png\",\"width\":120,\"height\":40,\"caption\":\"SERHS Serveis\"},\"image\":{\"@id\":\"https:\\\/\\\/serhsserveis.com\\\/#\\\/schema\\\/logo\\\/image\\\/\"},\"sameAs\":[\"https:\\\/\\\/www.facebook.com\\\/SERHS-Serveis-914835645340740\\\/\",\"https:\\\/\\\/www.instagram.com\\\/serhsserveis\\\/\",\"https:\\\/\\\/www.linkedin.com\\\/company\\\/serhs-serveis\",\"https:\\\/\\\/www.youtube.com\\\/channel\\\/UCyY1p4E94vhubNiJb8yESgQ\"]},{\"@type\":\"Person\",\"@id\":\"https:\\\/\\\/serhsserveis.com\\\/#\\\/schema\\\/person\\\/ed29406fe23d106405df24b321e0be26\",\"name\":\"rf\",\"url\":\"https:\\\/\\\/serhsserveis.com\\\/es\\\/author\\\/rf\\\/\"}]}<\/script>\n<!-- \/ Yoast SEO plugin. -->","yoast_head_json":{"title":"SERHS Cloud organiza un desayuno tecnol\u00f3gico en Girona","description":"SERHS Cloud organiza un desayuno tecnol\u00f3gico con empresas de las comarcas de Girona, en torno a la digitalizaci\u00f3n y la ciberseguridad","robots":{"index":"index","follow":"follow","max-snippet":"max-snippet:-1","max-image-preview":"max-image-preview:large","max-video-preview":"max-video-preview:-1"},"canonical":"https:\/\/serhscloud.com\/es\/serhs-cloud-organiza-un-desayuno-tecnologico-en-girona\/","og_locale":"es_ES","og_type":"article","og_title":"SERHS Cloud organiza un desayuno tecnol\u00f3gico en Girona","og_description":"SERHS Cloud organiza un desayuno tecnol\u00f3gico con empresas de las comarcas de Girona, en torno a la digitalizaci\u00f3n y la ciberseguridad","og_url":"https:\/\/serhscloud.com\/es\/serhs-cloud-organiza-un-desayuno-tecnologico-en-girona\/","og_site_name":"SERHS Serveis","article_publisher":"https:\/\/www.facebook.com\/SERHS-Serveis-914835645340740\/","article_published_time":"2023-04-26T06:31:38+00:00","article_modified_time":"2023-04-26T10:53:35+00:00","og_image":[{"width":1080,"height":721,"url":"https:\/\/serhsserveis.com\/wp-content\/uploads\/2023\/04\/esmorzar-tecnologic-esp.jpg","type":"image\/jpeg"}],"author":"rf","twitter_misc":{"Escrito por":"rf","Tiempo de lectura":"4 minutos"},"schema":{"@context":"https:\/\/schema.org","@graph":[{"@type":"Article","@id":"https:\/\/serhscloud.com\/es\/serhs-cloud-organiza-un-desayuno-tecnologico-en-girona\/#article","isPartOf":{"@id":"https:\/\/serhsserveis.com\/es\/serhs-cloud-organiza-un-desayuno-tecnologico-en-girona\/"},"author":{"name":"rf","@id":"https:\/\/serhsserveis.com\/#\/schema\/person\/ed29406fe23d106405df24b321e0be26"},"headline":"SERHS Cloud organiza un desayuno tecnol\u00f3gico en Girona","datePublished":"2023-04-26T06:31:38+00:00","dateModified":"2023-04-26T10:53:35+00:00","mainEntityOfPage":{"@id":"https:\/\/serhsserveis.com\/es\/serhs-cloud-organiza-un-desayuno-tecnologico-en-girona\/"},"wordCount":480,"publisher":{"@id":"https:\/\/serhsserveis.com\/#organization"},"image":{"@id":"https:\/\/serhscloud.com\/es\/serhs-cloud-organiza-un-desayuno-tecnologico-en-girona\/#primaryimage"},"thumbnailUrl":"https:\/\/serhsserveis.com\/wp-content\/uploads\/2023\/04\/esmorzar-tecnologic-esp.jpg","articleSection":["Puesto de trabajo digital","SERHS Serveis","SERHS Serveis TIC","Sistemas y Telecomunicaciones"],"inLanguage":"es"},{"@type":"WebPage","@id":"https:\/\/serhsserveis.com\/es\/serhs-cloud-organiza-un-desayuno-tecnologico-en-girona\/","url":"https:\/\/serhscloud.com\/es\/serhs-cloud-organiza-un-desayuno-tecnologico-en-girona\/","name":"SERHS Cloud organiza un desayuno tecnol\u00f3gico en Girona","isPartOf":{"@id":"https:\/\/serhsserveis.com\/#website"},"primaryImageOfPage":{"@id":"https:\/\/serhscloud.com\/es\/serhs-cloud-organiza-un-desayuno-tecnologico-en-girona\/#primaryimage"},"image":{"@id":"https:\/\/serhscloud.com\/es\/serhs-cloud-organiza-un-desayuno-tecnologico-en-girona\/#primaryimage"},"thumbnailUrl":"https:\/\/serhsserveis.com\/wp-content\/uploads\/2023\/04\/esmorzar-tecnologic-esp.jpg","datePublished":"2023-04-26T06:31:38+00:00","dateModified":"2023-04-26T10:53:35+00:00","description":"SERHS Cloud organiza un desayuno tecnol\u00f3gico con empresas de las comarcas de Girona, en torno a la digitalizaci\u00f3n y la ciberseguridad","breadcrumb":{"@id":"https:\/\/serhscloud.com\/es\/serhs-cloud-organiza-un-desayuno-tecnologico-en-girona\/#breadcrumb"},"inLanguage":"es","potentialAction":[{"@type":"ReadAction","target":["https:\/\/serhscloud.com\/es\/serhs-cloud-organiza-un-desayuno-tecnologico-en-girona\/"]}]},{"@type":"ImageObject","inLanguage":"es","@id":"https:\/\/serhscloud.com\/es\/serhs-cloud-organiza-un-desayuno-tecnologico-en-girona\/#primaryimage","url":"https:\/\/serhsserveis.com\/wp-content\/uploads\/2023\/04\/esmorzar-tecnologic-esp.jpg","contentUrl":"https:\/\/serhsserveis.com\/wp-content\/uploads\/2023\/04\/esmorzar-tecnologic-esp.jpg","width":1080,"height":721},{"@type":"BreadcrumbList","@id":"https:\/\/serhscloud.com\/es\/serhs-cloud-organiza-un-desayuno-tecnologico-en-girona\/#breadcrumb","itemListElement":[{"@type":"ListItem","position":1,"name":"Home","item":"https:\/\/serhsserveis.com\/es\/"},{"@type":"ListItem","position":2,"name":"SERHS Cloud organiza un desayuno tecnol\u00f3gico en Girona"}]},{"@type":"WebSite","@id":"https:\/\/serhsserveis.com\/#website","url":"https:\/\/serhsserveis.com\/","name":"SERHS Serveis","description":"T&#039;ho posa f\u00e0cil","publisher":{"@id":"https:\/\/serhsserveis.com\/#organization"},"potentialAction":[{"@type":"SearchAction","target":{"@type":"EntryPoint","urlTemplate":"https:\/\/serhsserveis.com\/?s={search_term_string}"},"query-input":{"@type":"PropertyValueSpecification","valueRequired":true,"valueName":"search_term_string"}}],"inLanguage":"es"},{"@type":"Organization","@id":"https:\/\/serhsserveis.com\/#organization","name":"SERHS Serveis","url":"https:\/\/serhsserveis.com\/","logo":{"@type":"ImageObject","inLanguage":"es","@id":"https:\/\/serhsserveis.com\/#\/schema\/logo\/image\/","url":"https:\/\/serhsserveis.com\/wp-content\/uploads\/2017\/09\/Logo-SERHS-Serveis-Serveis-integrals.png","contentUrl":"https:\/\/serhsserveis.com\/wp-content\/uploads\/2017\/09\/Logo-SERHS-Serveis-Serveis-integrals.png","width":120,"height":40,"caption":"SERHS Serveis"},"image":{"@id":"https:\/\/serhsserveis.com\/#\/schema\/logo\/image\/"},"sameAs":["https:\/\/www.facebook.com\/SERHS-Serveis-914835645340740\/","https:\/\/www.instagram.com\/serhsserveis\/","https:\/\/www.linkedin.com\/company\/serhs-serveis","https:\/\/www.youtube.com\/channel\/UCyY1p4E94vhubNiJb8yESgQ"]},{"@type":"Person","@id":"https:\/\/serhsserveis.com\/#\/schema\/person\/ed29406fe23d106405df24b321e0be26","name":"rf","url":"https:\/\/serhsserveis.com\/es\/author\/rf\/"}]}},"jetpack_featured_media_url":"https:\/\/serhsserveis.com\/wp-content\/uploads\/2023\/04\/esmorzar-tecnologic-esp.jpg","_links":{"self":[{"href":"https:\/\/serhsserveis.com\/es\/wp-json\/wp\/v2\/posts\/29701","targetHints":{"allow":["GET"]}}],"collection":[{"href":"https:\/\/serhsserveis.com\/es\/wp-json\/wp\/v2\/posts"}],"about":[{"href":"https:\/\/serhsserveis.com\/es\/wp-json\/wp\/v2\/types\/post"}],"author":[{"embeddable":true,"href":"https:\/\/serhsserveis.com\/es\/wp-json\/wp\/v2\/users\/10"}],"replies":[{"embeddable":true,"href":"https:\/\/serhsserveis.com\/es\/wp-json\/wp\/v2\/comments?post=29701"}],"version-history":[{"count":4,"href":"https:\/\/serhsserveis.com\/es\/wp-json\/wp\/v2\/posts\/29701\/revisions"}],"predecessor-version":[{"id":29721,"href":"https:\/\/serhsserveis.com\/es\/wp-json\/wp\/v2\/posts\/29701\/revisions\/29721"}],"wp:featuredmedia":[{"embeddable":true,"href":"https:\/\/serhsserveis.com\/es\/wp-json\/wp\/v2\/media\/29708"}],"wp:attachment":[{"href":"https:\/\/serhsserveis.com\/es\/wp-json\/wp\/v2\/media?parent=29701"}],"wp:term":[{"taxonomy":"category","embeddable":true,"href":"https:\/\/serhsserveis.com\/es\/wp-json\/wp\/v2\/categories?post=29701"},{"taxonomy":"post_tag","embeddable":true,"href":"https:\/\/serhsserveis.com\/es\/wp-json\/wp\/v2\/tags?post=29701"}],"curies":[{"name":"wp","href":"https:\/\/api.w.org\/{rel}","templated":true}]}}