{"id":8037,"date":"2018-10-02T09:28:51","date_gmt":"2018-10-02T07:28:51","guid":{"rendered":"https:\/\/www.serhsserveis.com\/?p=8037"},"modified":"2023-04-26T19:53:27","modified_gmt":"2023-04-26T17:53:27","slug":"la-division-de-servicios-abre-la-primera-gestoria-serhs-en-calella","status":"publish","type":"post","link":"https:\/\/serhsserveis.com\/es\/la-division-de-servicios-abre-la-primera-gestoria-serhs-en-calella\/","title":{"rendered":"La divisi\u00f3n de servicios abre la primera Gestor\u00eda SERHS en Calella"},"content":{"rendered":"<h2><strong>El objetivo de SERHS Serveis, con esta iniciativa, es proporcionar al cliente un trato m\u00e1s cercano y personalizado<\/strong><\/h2>\n<p>&nbsp;<\/p>\n<p>La divisi\u00f3n de servicios de SERHS, SERHS Serveis, pone en marcha\u00a0<strong>la primera Gestor\u00eda SERHS en el municipio de Calella,<\/strong> en la comarca del Maresme. Ubicada en la <a href=\"https:\/\/goo.gl\/maps\/7QnGqxb5gaA2\">calle de l\u2019Esgl\u00e9sia, n\u00famero 343<\/a>, en el centro de la ciudad, un equipo de profesionales con una larga trayectoria <a href=\"https:\/\/serhsserveis.com\/es\/gestoria-fiscal-y-laboral-servicio-juridico-nomina-renta-y-prevencion\/\">en servicios de gestor\u00eda fiscal y contable, jur\u00eddico y laboral, y en el \u00e1mbito de los seguros<\/a>, proporcionar\u00e1n al cliente de SERHS Serveis Gestiona un trato a\u00fan m\u00e1s cercano y personalizado.<\/p>\n<p>El nuevo espacio, que cuenta con 200m<sup>2<\/sup>, ha sido pensado y <strong>dise\u00f1ado para acoger al cliente y proporcionarle la mejor experiencia posible, con un innovador modelo de atenci\u00f3n personalizada<\/strong> en el que prevalece el trato humano y la proximidad en el proceso de informaci\u00f3n y contrataci\u00f3n de servicios de gestor\u00eda. La ubicaci\u00f3n y simplicidad de los espacios en los que el cliente ser\u00e1 atendido, permitir\u00e1n transmitir major los valores vinculados a la propia unidad de negocio Gestiona como son la confianza, la transparencia y la fidelidad.<\/p>\n<p>Con la nueva gestor\u00eda de SERHS Serveis a pie de calle, la divisi\u00f3n conf\u00eda poder incidir en aspectos como la comunicaci\u00f3n directa con la que <strong>dar a conocer mejor el cat\u00e1logo de productos y servicios disponible, as\u00ed como todo el potencial que ofrece el servicio integral<\/strong> de SERHS Serveis Gestiona. Por ejemplo, cualquier persona podr\u00e1 acercarse a la Gestor\u00eda de SERHS Serveis y solicitar desde un seguro para el hogar &#8211; de la mano de <a href=\"https:\/\/serhs.com\/es\/serhs-inspiracio\/a-lempresa-hem-patit-un-ciberatac-i-ara-que-fem\/\">Asseguris<\/a> &#8211; a una declaraci\u00f3n tributaria, pasando por el asesoramiento en materia de relaciones laborales .<\/p>\n<p>Para hacer <a href=\"https:\/\/serhsserveis.com\/es\/servicio-de-urgencias-de-fin-de-semana-y-festivos\/\">el m\u00e1ximo de accesible posible<\/a> la nueva Gestor\u00eda de SERHS Serveis, <strong>el horario de atenci\u00f3n al p\u00fablico ser\u00e1 de lunes a viernes, de 9 a 14h y de 16 a 19h, y s\u00e1bados por la ma\u00f1ana, de 10 a 14h<\/strong>, para todas aquellas personas que durante la semana no disponen de tiempo para sus gestiones.<\/p>\n<p>&nbsp;<\/p>\n<p><strong>Una inauguraci\u00f3n exitosa<\/strong><\/p>\n<p>Esta misma tarde de viernes, la nueva gestor\u00eda de SERHS Serveis ha celebrado una sencilla inauguraci\u00f3n, a la que han asistido <strong>representantes<\/strong> del <strong>comercio<\/strong> en Calella, <strong>clientes<\/strong> de SERHS Serveis y <strong>profesionales<\/strong> de la divisi\u00f3n, as\u00ed como <strong>socios<\/strong> de la corporaci\u00f3n.<\/p>\n<p>Todo el mundo se ha acercado hasta la nueva sede de SERHS Serveis Gestiona de la calle de l\u2019Esgl\u00e9sia para conocer el espacio y el personal profesional que estar\u00e1 a su disposici\u00f3n desde hoy mismo.<\/p>\n","protected":false},"excerpt":{"rendered":"<p>El objetivo de SERHS Serveis, con esta iniciativa, es proporcionar al cliente un trato m\u00e1s cercano y personalizado &nbsp; La divisi\u00f3n de servicios de SERHS, SERHS Serveis, pone en marcha\u00a0la primera Gestor\u00eda SERHS en el municipio de Calella, en la comarca del Maresme. Ubicada en la calle de l\u2019Esgl\u00e9sia, n\u00famero 343, en el centro de<\/p>\n","protected":false},"author":10,"featured_media":19407,"comment_status":"closed","ping_status":"closed","sticky":false,"template":"","format":"standard","meta":{"footnotes":""},"categories":[47],"tags":[],"class_list":["post-8037","post","type-post","status-publish","format-standard","has-post-thumbnail","hentry","category-noticias-serhs-serveis-gestiona"],"yoast_head":"<!-- This site is optimized with the Yoast SEO plugin v27.1.1 - https:\/\/yoast.com\/product\/yoast-seo-wordpress\/ -->\n<title>SERHS Serveis inaugura gestor\u00eda en Calella<\/title>\n<meta name=\"description\" content=\"La divisi\u00f3n de Servicios de SERHS, SERHS Serveis, pone en marcha la primera Gestor\u00eda SERHS en el municipio de Calella, en la comarca del Maresme.\" \/>\n<meta name=\"robots\" content=\"index, follow, max-snippet:-1, max-image-preview:large, max-video-preview:-1\" \/>\n<link rel=\"canonical\" href=\"https:\/\/serhsserveis.com\/es\/la-division-de-servicios-abre-la-primera-gestoria-serhs-en-calella\/\" \/>\n<meta property=\"og:locale\" content=\"es_ES\" \/>\n<meta property=\"og:type\" content=\"article\" \/>\n<meta property=\"og:title\" content=\"SERHS Serveis inaugura gestor\u00eda en Calella\" \/>\n<meta property=\"og:description\" content=\"La divisi\u00f3n de Servicios de SERHS, SERHS Serveis, pone en marcha la primera Gestor\u00eda SERHS en el municipio de Calella, en la comarca del Maresme.\" \/>\n<meta property=\"og:url\" content=\"https:\/\/serhsserveis.com\/es\/la-division-de-servicios-abre-la-primera-gestoria-serhs-en-calella\/\" \/>\n<meta property=\"og:site_name\" content=\"SERHS Serveis\" \/>\n<meta property=\"article:publisher\" content=\"https:\/\/www.facebook.com\/SERHS-Serveis-914835645340740\/\" \/>\n<meta property=\"article:published_time\" content=\"2018-10-02T07:28:51+00:00\" \/>\n<meta property=\"article:modified_time\" content=\"2023-04-26T17:53:27+00:00\" \/>\n<meta property=\"og:image\" content=\"https:\/\/serhsserveis.com\/wp-content\/uploads\/2018\/10\/Gestoria-SERHS-Serveis-Gestiona-a-Calella-Pineda.jpg\" \/>\n\t<meta property=\"og:image:width\" content=\"1000\" \/>\n\t<meta property=\"og:image:height\" content=\"563\" \/>\n\t<meta property=\"og:image:type\" content=\"image\/jpeg\" \/>\n<meta name=\"author\" content=\"rf\" \/>\n<meta name=\"twitter:label1\" content=\"Escrito por\" \/>\n\t<meta name=\"twitter:data1\" content=\"rf\" \/>\n\t<meta name=\"twitter:label2\" content=\"Tiempo de lectura\" \/>\n\t<meta name=\"twitter:data2\" content=\"2 minutos\" \/>\n<script type=\"application\/ld+json\" class=\"yoast-schema-graph\">{\"@context\":\"https:\/\/schema.org\",\"@graph\":[{\"@type\":\"Article\",\"@id\":\"https:\/\/serhsserveis.com\/es\/la-division-de-servicios-abre-la-primera-gestoria-serhs-en-calella\/#article\",\"isPartOf\":{\"@id\":\"https:\/\/serhsserveis.com\/es\/la-division-de-servicios-abre-la-primera-gestoria-serhs-en-calella\/\"},\"author\":{\"name\":\"rf\",\"@id\":\"https:\/\/serhsserveis.com\/#\/schema\/person\/ed29406fe23d106405df24b321e0be26\"},\"headline\":\"La divisi\u00f3n de servicios abre la primera Gestor\u00eda SERHS en Calella\",\"datePublished\":\"2018-10-02T07:28:51+00:00\",\"dateModified\":\"2023-04-26T17:53:27+00:00\",\"mainEntityOfPage\":{\"@id\":\"https:\/\/serhsserveis.com\/es\/la-division-de-servicios-abre-la-primera-gestoria-serhs-en-calella\/\"},\"wordCount\":458,\"publisher\":{\"@id\":\"https:\/\/serhsserveis.com\/#organization\"},\"image\":{\"@id\":\"https:\/\/serhsserveis.com\/es\/la-division-de-servicios-abre-la-primera-gestoria-serhs-en-calella\/#primaryimage\"},\"thumbnailUrl\":\"https:\/\/serhsserveis.com\/wp-content\/uploads\/2018\/10\/Gestoria-SERHS-Serveis-Gestiona-a-Calella-Pineda.jpg\",\"articleSection\":[\"SERHS Serveis Gestiona\"],\"inLanguage\":\"es\"},{\"@type\":\"WebPage\",\"@id\":\"https:\/\/serhsserveis.com\/es\/la-division-de-servicios-abre-la-primera-gestoria-serhs-en-calella\/\",\"url\":\"https:\/\/serhsserveis.com\/es\/la-division-de-servicios-abre-la-primera-gestoria-serhs-en-calella\/\",\"name\":\"SERHS Serveis inaugura gestor\u00eda en Calella\",\"isPartOf\":{\"@id\":\"https:\/\/serhsserveis.com\/#website\"},\"primaryImageOfPage\":{\"@id\":\"https:\/\/serhsserveis.com\/es\/la-division-de-servicios-abre-la-primera-gestoria-serhs-en-calella\/#primaryimage\"},\"image\":{\"@id\":\"https:\/\/serhsserveis.com\/es\/la-division-de-servicios-abre-la-primera-gestoria-serhs-en-calella\/#primaryimage\"},\"thumbnailUrl\":\"https:\/\/serhsserveis.com\/wp-content\/uploads\/2018\/10\/Gestoria-SERHS-Serveis-Gestiona-a-Calella-Pineda.jpg\",\"datePublished\":\"2018-10-02T07:28:51+00:00\",\"dateModified\":\"2023-04-26T17:53:27+00:00\",\"description\":\"La divisi\u00f3n de Servicios de SERHS, SERHS Serveis, pone en marcha la primera Gestor\u00eda SERHS en el municipio de Calella, en la comarca del Maresme.\",\"breadcrumb\":{\"@id\":\"https:\/\/serhsserveis.com\/es\/la-division-de-servicios-abre-la-primera-gestoria-serhs-en-calella\/#breadcrumb\"},\"inLanguage\":\"es\",\"potentialAction\":[{\"@type\":\"ReadAction\",\"target\":[\"https:\/\/serhsserveis.com\/es\/la-division-de-servicios-abre-la-primera-gestoria-serhs-en-calella\/\"]}]},{\"@type\":\"ImageObject\",\"inLanguage\":\"es\",\"@id\":\"https:\/\/serhsserveis.com\/es\/la-division-de-servicios-abre-la-primera-gestoria-serhs-en-calella\/#primaryimage\",\"url\":\"https:\/\/serhsserveis.com\/wp-content\/uploads\/2018\/10\/Gestoria-SERHS-Serveis-Gestiona-a-Calella-Pineda.jpg\",\"contentUrl\":\"https:\/\/serhsserveis.com\/wp-content\/uploads\/2018\/10\/Gestoria-SERHS-Serveis-Gestiona-a-Calella-Pineda.jpg\",\"width\":1000,\"height\":563,\"caption\":\"Gestoria SERHS Serveis Gestiona A Calella Pineda\"},{\"@type\":\"BreadcrumbList\",\"@id\":\"https:\/\/serhsserveis.com\/es\/la-division-de-servicios-abre-la-primera-gestoria-serhs-en-calella\/#breadcrumb\",\"itemListElement\":[{\"@type\":\"ListItem\",\"position\":1,\"name\":\"Home\",\"item\":\"https:\/\/serhsserveis.com\/es\/\"},{\"@type\":\"ListItem\",\"position\":2,\"name\":\"La divisi\u00f3n de servicios abre la primera Gestor\u00eda SERHS en Calella\"}]},{\"@type\":\"WebSite\",\"@id\":\"https:\/\/serhsserveis.com\/#website\",\"url\":\"https:\/\/serhsserveis.com\/\",\"name\":\"SERHS Serveis\",\"description\":\"T&#039;ho posa f\u00e0cil\",\"publisher\":{\"@id\":\"https:\/\/serhsserveis.com\/#organization\"},\"potentialAction\":[{\"@type\":\"SearchAction\",\"target\":{\"@type\":\"EntryPoint\",\"urlTemplate\":\"https:\/\/serhsserveis.com\/?s={search_term_string}\"},\"query-input\":{\"@type\":\"PropertyValueSpecification\",\"valueRequired\":true,\"valueName\":\"search_term_string\"}}],\"inLanguage\":\"es\"},{\"@type\":\"Organization\",\"@id\":\"https:\/\/serhsserveis.com\/#organization\",\"name\":\"SERHS Serveis\",\"url\":\"https:\/\/serhsserveis.com\/\",\"logo\":{\"@type\":\"ImageObject\",\"inLanguage\":\"es\",\"@id\":\"https:\/\/serhsserveis.com\/#\/schema\/logo\/image\/\",\"url\":\"https:\/\/serhsserveis.com\/wp-content\/uploads\/2017\/09\/Logo-SERHS-Serveis-Serveis-integrals.png\",\"contentUrl\":\"https:\/\/serhsserveis.com\/wp-content\/uploads\/2017\/09\/Logo-SERHS-Serveis-Serveis-integrals.png\",\"width\":120,\"height\":40,\"caption\":\"SERHS Serveis\"},\"image\":{\"@id\":\"https:\/\/serhsserveis.com\/#\/schema\/logo\/image\/\"},\"sameAs\":[\"https:\/\/www.facebook.com\/SERHS-Serveis-914835645340740\/\",\"https:\/\/www.instagram.com\/serhsserveis\/\",\"https:\/\/www.linkedin.com\/company\/serhs-serveis\",\"https:\/\/www.youtube.com\/channel\/UCyY1p4E94vhubNiJb8yESgQ\"]},{\"@type\":\"Person\",\"@id\":\"https:\/\/serhsserveis.com\/#\/schema\/person\/ed29406fe23d106405df24b321e0be26\",\"name\":\"rf\",\"url\":\"https:\/\/serhsserveis.com\/es\/author\/rf\/\"}]}<\/script>\n<!-- \/ Yoast SEO plugin. -->","yoast_head_json":{"title":"SERHS Serveis inaugura gestor\u00eda en Calella","description":"La divisi\u00f3n de Servicios de SERHS, SERHS Serveis, pone en marcha la primera Gestor\u00eda SERHS en el municipio de Calella, en la comarca del Maresme.","robots":{"index":"index","follow":"follow","max-snippet":"max-snippet:-1","max-image-preview":"max-image-preview:large","max-video-preview":"max-video-preview:-1"},"canonical":"https:\/\/serhsserveis.com\/es\/la-division-de-servicios-abre-la-primera-gestoria-serhs-en-calella\/","og_locale":"es_ES","og_type":"article","og_title":"SERHS Serveis inaugura gestor\u00eda en Calella","og_description":"La divisi\u00f3n de Servicios de SERHS, SERHS Serveis, pone en marcha la primera Gestor\u00eda SERHS en el municipio de Calella, en la comarca del Maresme.","og_url":"https:\/\/serhsserveis.com\/es\/la-division-de-servicios-abre-la-primera-gestoria-serhs-en-calella\/","og_site_name":"SERHS Serveis","article_publisher":"https:\/\/www.facebook.com\/SERHS-Serveis-914835645340740\/","article_published_time":"2018-10-02T07:28:51+00:00","article_modified_time":"2023-04-26T17:53:27+00:00","og_image":[{"width":1000,"height":563,"url":"https:\/\/serhsserveis.com\/wp-content\/uploads\/2018\/10\/Gestoria-SERHS-Serveis-Gestiona-a-Calella-Pineda.jpg","type":"image\/jpeg"}],"author":"rf","twitter_misc":{"Escrito por":"rf","Tiempo de lectura":"2 minutos"},"schema":{"@context":"https:\/\/schema.org","@graph":[{"@type":"Article","@id":"https:\/\/serhsserveis.com\/es\/la-division-de-servicios-abre-la-primera-gestoria-serhs-en-calella\/#article","isPartOf":{"@id":"https:\/\/serhsserveis.com\/es\/la-division-de-servicios-abre-la-primera-gestoria-serhs-en-calella\/"},"author":{"name":"rf","@id":"https:\/\/serhsserveis.com\/#\/schema\/person\/ed29406fe23d106405df24b321e0be26"},"headline":"La divisi\u00f3n de servicios abre la primera Gestor\u00eda SERHS en Calella","datePublished":"2018-10-02T07:28:51+00:00","dateModified":"2023-04-26T17:53:27+00:00","mainEntityOfPage":{"@id":"https:\/\/serhsserveis.com\/es\/la-division-de-servicios-abre-la-primera-gestoria-serhs-en-calella\/"},"wordCount":458,"publisher":{"@id":"https:\/\/serhsserveis.com\/#organization"},"image":{"@id":"https:\/\/serhsserveis.com\/es\/la-division-de-servicios-abre-la-primera-gestoria-serhs-en-calella\/#primaryimage"},"thumbnailUrl":"https:\/\/serhsserveis.com\/wp-content\/uploads\/2018\/10\/Gestoria-SERHS-Serveis-Gestiona-a-Calella-Pineda.jpg","articleSection":["SERHS Serveis Gestiona"],"inLanguage":"es"},{"@type":"WebPage","@id":"https:\/\/serhsserveis.com\/es\/la-division-de-servicios-abre-la-primera-gestoria-serhs-en-calella\/","url":"https:\/\/serhsserveis.com\/es\/la-division-de-servicios-abre-la-primera-gestoria-serhs-en-calella\/","name":"SERHS Serveis inaugura gestor\u00eda en Calella","isPartOf":{"@id":"https:\/\/serhsserveis.com\/#website"},"primaryImageOfPage":{"@id":"https:\/\/serhsserveis.com\/es\/la-division-de-servicios-abre-la-primera-gestoria-serhs-en-calella\/#primaryimage"},"image":{"@id":"https:\/\/serhsserveis.com\/es\/la-division-de-servicios-abre-la-primera-gestoria-serhs-en-calella\/#primaryimage"},"thumbnailUrl":"https:\/\/serhsserveis.com\/wp-content\/uploads\/2018\/10\/Gestoria-SERHS-Serveis-Gestiona-a-Calella-Pineda.jpg","datePublished":"2018-10-02T07:28:51+00:00","dateModified":"2023-04-26T17:53:27+00:00","description":"La divisi\u00f3n de Servicios de SERHS, SERHS Serveis, pone en marcha la primera Gestor\u00eda SERHS en el municipio de Calella, en la comarca del Maresme.","breadcrumb":{"@id":"https:\/\/serhsserveis.com\/es\/la-division-de-servicios-abre-la-primera-gestoria-serhs-en-calella\/#breadcrumb"},"inLanguage":"es","potentialAction":[{"@type":"ReadAction","target":["https:\/\/serhsserveis.com\/es\/la-division-de-servicios-abre-la-primera-gestoria-serhs-en-calella\/"]}]},{"@type":"ImageObject","inLanguage":"es","@id":"https:\/\/serhsserveis.com\/es\/la-division-de-servicios-abre-la-primera-gestoria-serhs-en-calella\/#primaryimage","url":"https:\/\/serhsserveis.com\/wp-content\/uploads\/2018\/10\/Gestoria-SERHS-Serveis-Gestiona-a-Calella-Pineda.jpg","contentUrl":"https:\/\/serhsserveis.com\/wp-content\/uploads\/2018\/10\/Gestoria-SERHS-Serveis-Gestiona-a-Calella-Pineda.jpg","width":1000,"height":563,"caption":"Gestoria SERHS Serveis Gestiona A Calella Pineda"},{"@type":"BreadcrumbList","@id":"https:\/\/serhsserveis.com\/es\/la-division-de-servicios-abre-la-primera-gestoria-serhs-en-calella\/#breadcrumb","itemListElement":[{"@type":"ListItem","position":1,"name":"Home","item":"https:\/\/serhsserveis.com\/es\/"},{"@type":"ListItem","position":2,"name":"La divisi\u00f3n de servicios abre la primera Gestor\u00eda SERHS en Calella"}]},{"@type":"WebSite","@id":"https:\/\/serhsserveis.com\/#website","url":"https:\/\/serhsserveis.com\/","name":"SERHS Serveis","description":"T&#039;ho posa f\u00e0cil","publisher":{"@id":"https:\/\/serhsserveis.com\/#organization"},"potentialAction":[{"@type":"SearchAction","target":{"@type":"EntryPoint","urlTemplate":"https:\/\/serhsserveis.com\/?s={search_term_string}"},"query-input":{"@type":"PropertyValueSpecification","valueRequired":true,"valueName":"search_term_string"}}],"inLanguage":"es"},{"@type":"Organization","@id":"https:\/\/serhsserveis.com\/#organization","name":"SERHS Serveis","url":"https:\/\/serhsserveis.com\/","logo":{"@type":"ImageObject","inLanguage":"es","@id":"https:\/\/serhsserveis.com\/#\/schema\/logo\/image\/","url":"https:\/\/serhsserveis.com\/wp-content\/uploads\/2017\/09\/Logo-SERHS-Serveis-Serveis-integrals.png","contentUrl":"https:\/\/serhsserveis.com\/wp-content\/uploads\/2017\/09\/Logo-SERHS-Serveis-Serveis-integrals.png","width":120,"height":40,"caption":"SERHS Serveis"},"image":{"@id":"https:\/\/serhsserveis.com\/#\/schema\/logo\/image\/"},"sameAs":["https:\/\/www.facebook.com\/SERHS-Serveis-914835645340740\/","https:\/\/www.instagram.com\/serhsserveis\/","https:\/\/www.linkedin.com\/company\/serhs-serveis","https:\/\/www.youtube.com\/channel\/UCyY1p4E94vhubNiJb8yESgQ"]},{"@type":"Person","@id":"https:\/\/serhsserveis.com\/#\/schema\/person\/ed29406fe23d106405df24b321e0be26","name":"rf","url":"https:\/\/serhsserveis.com\/es\/author\/rf\/"}]}},"jetpack_featured_media_url":"https:\/\/serhsserveis.com\/wp-content\/uploads\/2018\/10\/Gestoria-SERHS-Serveis-Gestiona-a-Calella-Pineda.jpg","_links":{"self":[{"href":"https:\/\/serhsserveis.com\/es\/wp-json\/wp\/v2\/posts\/8037","targetHints":{"allow":["GET"]}}],"collection":[{"href":"https:\/\/serhsserveis.com\/es\/wp-json\/wp\/v2\/posts"}],"about":[{"href":"https:\/\/serhsserveis.com\/es\/wp-json\/wp\/v2\/types\/post"}],"author":[{"embeddable":true,"href":"https:\/\/serhsserveis.com\/es\/wp-json\/wp\/v2\/users\/10"}],"replies":[{"embeddable":true,"href":"https:\/\/serhsserveis.com\/es\/wp-json\/wp\/v2\/comments?post=8037"}],"version-history":[{"count":1,"href":"https:\/\/serhsserveis.com\/es\/wp-json\/wp\/v2\/posts\/8037\/revisions"}],"predecessor-version":[{"id":29971,"href":"https:\/\/serhsserveis.com\/es\/wp-json\/wp\/v2\/posts\/8037\/revisions\/29971"}],"wp:featuredmedia":[{"embeddable":true,"href":"https:\/\/serhsserveis.com\/es\/wp-json\/wp\/v2\/media\/19407"}],"wp:attachment":[{"href":"https:\/\/serhsserveis.com\/es\/wp-json\/wp\/v2\/media?parent=8037"}],"wp:term":[{"taxonomy":"category","embeddable":true,"href":"https:\/\/serhsserveis.com\/es\/wp-json\/wp\/v2\/categories?post=8037"},{"taxonomy":"post_tag","embeddable":true,"href":"https:\/\/serhsserveis.com\/es\/wp-json\/wp\/v2\/tags?post=8037"}],"curies":[{"name":"wp","href":"https:\/\/api.w.org\/{rel}","templated":true}]}}